{"id":2048,"date":"2019-11-18T10:04:09","date_gmt":"2019-11-18T10:04:09","guid":{"rendered":"https:\/\/bookzone.ro\/blog\/?p=2048"},"modified":"2019-11-18T10:43:09","modified_gmt":"2019-11-18T10:43:09","slug":"interviu-cu-autor-bookzone-simona-lungu-intoarce-te-la-mine","status":"publish","type":"post","link":"https:\/\/bookzone.ro\/blog\/interviu-cu-autor-bookzone-simona-lungu-intoarce-te-la-mine","title":{"rendered":"Interviu cu autor Bookzone | Simona Lungu, \u201e\u00centoarce-te la mine\u201d"},"content":{"rendered":"\n<p><\/p>\n\n\n\n<p>Simona Lungu este o autoare debutant\u0103, \u00eens\u0103 volumele sale \u201e<a href=\"https:\/\/bookzone.ro\/carte\/pachet-intoarce-te-la-mine-vol-1-vol-2\/\" target=\"_blank\" rel=\"noreferrer noopener\" aria-label=\"\u00centoarce-te la mine (opens in a new tab)\">\u00centoarce-te la mine<\/a>\u201d au cucerit deja inimile a mii de cititori \u0219i este una dintre cele mai apreciate autoare din Rom\u00e2nia. <\/p>\n\n\n\n<p>Cartea a fost lansat\u0103 \u00een 2019 la editura Bookzone, iar odat\u0103 cu revizuirea copertei \u0219i relansarea acesteia, i-am luat un interviu \u00een exclusivitate, pentru a-i ajuta pe fani s\u0103 descopere omul din spatele numelui, dat fiind c\u0103 aceasta prefer\u0103 s\u0103 r\u0103m\u00e2n\u0103 \u00een anonimat. <\/p>\n\n\n\n<p>Simona Lungu s-a n\u0103scut pe 28 octombrie la Constan\u021ba, ora\u0219 \u00een care tr\u0103ie\u0219te \u0219i \u00een prezent, are un copil \u0219i multe proiecte \u00een desf\u0103\u0219urare, printre care \u0219i o nou\u0103 carte ce va fi lansat\u0103 \u00een cur\u00e2nd.<\/p>\n\n\n\n<h4><strong>1. Ai spus la un moment dat c\u0103 povestea descris\u0103 \u00een  cartea ta de debut, \u201e\u00centoarce-te la mine\u201d, con\u021bine \u0219i fapte reale, povestite de bunici. Cum decurgeau, mai exact, pove\u0219tile lor? \u00cen ce cadru au fost ele expuse \u0219i cum te-au marcat ele de-a lungul timpului?<\/strong><\/h4>\n\n\n\n<p>Din p\u0103cate, nu mi-am cunoscut\nbunicii din partea mamei, aceasta av\u00e2nd \u0219aisprezece ani c\u00e2nd a decedat mama sa.\nBunicul patern i-a urmat c\u00e2nd eram prea mic\u0103 pentru a-mi p\u0103stra amintirile vii,\na\u0219a c\u0103 m-am bucurat doar de ,,mamaia\u201d. <\/p>\n\n\n\n<p>Locuia \u00een alt\u0103 localitate\n\u0219i f\u0103cea naveta zilnic pentru a suplini absen\u021ba p\u0103rin\u021bilor no\u0219tri, ace\u0219tia\nlucr\u00e2nd \u00een ture. C\u00e2nd veneam de la \u0219coal\u0103,&nbsp;\n\u00eemi pl\u0103ceau micile surprize cu care m\u0103 a\u0219tepta, cum ar fi, frig\u0103nele,\nscovergi, gogo\u0219i, cl\u0103tite&#8230; <\/p>\n\n\n\n<p>Diverse situa\u021bii&nbsp; o aduceau \u00eentr-o stare melancolic\u0103, de\nexemplu sirena unei ambulan\u021be sau curentul electric oprit &nbsp;\u0219i \u2013\u0219i dep\u0103na povestea. De cele mai multe ori,\natunci c\u00e2nd m\u0103 piept\u0103na sau \u00eemi \u00eempletea p\u0103rul. De la ea am auzit pentru prima\ndat\u0103 de Horia Agarici, un aviator de elit\u0103 al celui de-al Doilea R\u0103zboi\nMondial, considerat ,, Salvatorul Constan\u021bei\u201d sau de&nbsp; versurile dedicate curajului s\u0103u, fiind un\n\u0219lag\u0103r la mod\u0103 \u00een&nbsp; vara anului 41\u2019.<\/p>\n\n\n\n<p>P\u0103rin\u021bii s\u0103i au s\u0103pat un\nfel de bunc\u0103r \u00een spatele casei, unde se ad\u0103posteau c\u00e2nd erau avertiza\u021bi de\natacurile aeriene, prin sirenele care vuiau prin ora\u0219 sau de la vapoarele din\nport.&nbsp; \u00cemi descria cum popula\u021bia&nbsp; s-a refugiat \u00een Cadrilater, \u00eendes\u00e2nd \u00een\nc\u0103ru\u021be c\u00e2t mai multe lucruri,&nbsp; greut\u0103\u021bile\n\u00eent\u00e2mpinate pe drum sau acolo. <\/p>\n\n\n\n<figure class=\"wp-block-image\"><a href=\"https:\/\/bookzone.ro\/carte\/pachet-intoarce-te-la-mine-vol-1-vol-2\/\" target=\"_blank\" rel=\"noreferrer noopener\"><img loading=\"lazy\" width=\"1024\" height=\"1024\" src=\"data:image\/gif;base64,R0lGODlhAQABAAAAACH5BAEKAAEALAAAAAABAAEAAAICTAEAOw==\" data-src=\"https:\/\/bookzone.ro\/blog\/wp-content\/uploads\/Intoarce-te-la-mine-Simona-Lungu-Bookzone-1024x1024.jpg\" alt=\"Intoarce-te la mine Simona Lungu Bookzone\" class=\"wp-image-2051 lazyload\" data-sizes=\"auto\" data-srcset=\"https:\/\/bookzone.ro\/blog\/wp-content\/uploads\/Intoarce-te-la-mine-Simona-Lungu-Bookzone-1024x1024.jpg 1024w, https:\/\/bookzone.ro\/blog\/wp-content\/uploads\/Intoarce-te-la-mine-Simona-Lungu-Bookzone-150x150.jpg 150w, https:\/\/bookzone.ro\/blog\/wp-content\/uploads\/Intoarce-te-la-mine-Simona-Lungu-Bookzone-300x300.jpg 300w, https:\/\/bookzone.ro\/blog\/wp-content\/uploads\/Intoarce-te-la-mine-Simona-Lungu-Bookzone-768x768.jpg 768w, https:\/\/bookzone.ro\/blog\/wp-content\/uploads\/Intoarce-te-la-mine-Simona-Lungu-Bookzone.jpg 1080w\" sizes=\"(max-width: 1024px) 100vw, 1024px\" \/><\/a><\/figure>\n\n\n\n<p>De remarcat, din\ncontactul pe care l-a avut, \u00eentr-un fel sau altul, cu solda\u021bii nem\u021bi, e\nrespectul cu care tratau tinerele din ora\u0219 spre deosebire de cei sovietici,\ncare au intrat for\u021bat \u00een casa lor, de au fost nevoite s\u0103 se ascund\u0103 din calea lor,\nescalad\u00e2nd fereastra.<\/p>\n\n\n\n<p>Multe evenimente nu le-am\n\u0219tiut &nbsp;din manualul de istorie \u0219i am\npreluat mai multe informa\u021bii din diverse documente sau&nbsp; din&nbsp;\nfotografiile vechi de la Arhiv\u0103. &nbsp;Tr\u0103ind&nbsp;\n\u00eentr-o \u021bar\u0103 comunist\u0103 multe adev\u0103ruri au fost omise, cum ar fi atacul\nConstan\u021bei&nbsp; din vara anului 1941. <\/p>\n\n\n\n<p>Astfel, evenimentele reale s-au \u00eempletit cu fic\u021biunea \u0219i a ap\u0103rut frumoasa poveste de dragoste a Anei \u0219i a lui Friedrich.\u00a0 Scris\u0103 \u00eent\u00e2i online, am avut ocazia s\u0103 adaug\u00a0 \u0219i amintirile \u00a0unor cititoare, din comentariile primite la fiecare capitol, relat\u0103ri ale bunicilor sau str\u0103bunicilor\u00a0 lor, proveni\u021bi din diferite zone ale \u021b\u0103rii.<\/p>\n\n\n\n<h4><strong>2. Dac\u0103 tot suntem la capitolul acesta, \u00eemi po\u021bi spune  cum a fost copil\u0103ria ta \u0219i cum te-a format aceast\u0103 etap\u0103 a vie\u021bii tale?<\/strong><\/h4>\n\n\n\n<p>N\u0103scut\u0103 \u0219i crescut\u0103 \u00eentr-o familie tradi\u021bional\u0103, cu un tat\u0103 autoritar \u0219i o mam\u0103 care a \u00eencercat s\u0103 umple toate golurile l\u0103sate de\u00a0 acesta, un frate mai mare \u0219i mai t\u00e2rziu, unul mai mic, pot spune c\u0103 am avut o copil\u0103rie obi\u0219nuit\u0103.\u00a0 <\/p>\n\n\n\n<p>Am prins perioada \u00een care emisiunile de la televizor\u00a0 se difuzau \u00a0seara, curentul electric \u00a0deseori\u00a0 \u00eentrerupt, \u00eenc\u00e2t vedeam doar \u00eenceputul \u0219i sf\u00e2r\u0219itul filmului. Petreceam ore \u00eentregi la cozi imense, la u\u0219a magazinelor alimentare, \u00eempreun\u0103 cu al\u021bi copii, p\u00e2n\u0103 eram \u00eenlocui\u021bi de p\u0103rin\u021bii sosi\u021bi direct de la serviciu sau la unele defil\u0103ri, \u00een onoarea tovar\u0103\u0219ului Ceau\u0219escu.<\/p>\n\n\n\n<p>Cu toate aceste lipsuri,\u00a0 am\u00a0 multe amintiri pl\u0103cute. Cele mai pu\u021bin pl\u0103cute\u00a0 m-au motivat s\u0103-mi doresc mai mult, s\u0103 fac un plan ini\u021bial pe care l-am urmat \u00eentreaga \u00a0via\u021b\u0103, ad\u0103ug\u00e2nd uneori \u0219i lucruri neprev\u0103zute pe care \u021bi le ofer\u0103 via\u021ba de zi cu zi.<\/p>\n\n\n\n<h4><strong>3. Ce fel de cititor erai \u00een copil\u0103rie?<\/strong><\/h4>\n\n\n\n<p>\u00centotdeauna am fost atras\u0103 de lumea fascinant\u0103 a pove\u0219tilor, at\u00e2t cele reale, spuse de mama sau mamaia, c\u00e2t \u0219i\u00a0 cele fantastice.\u00a0 Copil fiind, am citit \u0219i recitit basmele publicate de Ispirescu, pove\u0219tile \u0219i Amintirile lui Creang\u0103, iar mai t\u00e2rziu orice carte mi se p\u0103rea interesant\u0103. Nu aveam un gen anume, cum nu am nici acum, trec\u00e2nd u\u0219or de la Robin Hood \u00a0la Ion a lui Rebreanu , de la Shogun la Doamna Bovary, de la Cei trei mu\u0219chetari la Ra\u021biune \u0219i sim\u021bire&#8230;<\/p>\n\n\n\n<h4><strong>4. Ai o carte preferat\u0103, la care te \u00eentorci de\u0219i o \u0219tii pe dinafar\u0103? Sau un scriitor favorit&#8230;<\/strong><\/h4>\n\n\n\n<p>Da, ,,M\u00e2ndrie \u0219i prejudecat\u0103\u201d de Jane Austen.\u00a0 Am recitit-o \u0219i am rev\u0103zut ecranizarea din 1995 de foarte multe ori. Uneori emitem judec\u0103\u021bi despre o persoan\u0103, \u00eenainte de a cunoa\u0219te cu adev\u0103rat, baz\u00e2ndu-ne doar pe prima impresie.\u00a0 E o\u00a0 lec\u021bie de via\u021b\u0103. \u00a0Am citit \u0219i celelalte crea\u021bii ale sale, a\u0219a c\u0103 pot spune c\u0103 ea este preferata mea.<\/p>\n\n\n\n<h4><strong>5. Apropo de c\u0103r\u021bi, s\u0103 ne \u00eentoarcem \u00een zilele noastre. Am \u00een\u021beles c\u0103 ai publicat \u00eent\u00e2i cartea pe wattpad \u0219i apoi \u021bi-ai f\u0103cut curaj s\u0103 \u00eei ar\u0103\u021bi lumina tiparului. Ceea ce s-a dovedit a fi un real succes \u2013 te a\u0219teptai s\u0103 fie at\u00e2t de bine primit\u0103 de public? <\/strong><\/h4>\n\n\n\n<p>De nenum\u0103rate ori am dat fr\u00e2u liber imagina\u021biei, vis\u00e2nd cu ochii \u00een tavan, de\u0219i n-am \u00eentreprins vreun demers \u00een acest sens. \u00cen urm\u0103 cu patru ani, am g\u0103sit pe coperta unei c\u0103r\u021bi recomandarea unei platforme de povestiri. <\/p>\n\n\n\n<p>Curiozitatea m-a \u00eempins s\u0103-mi fac un cont \u0219i c\u00e2teva luni am urm\u0103rit \u0219i a\u0219teptat capitolele postate de autori rom\u00e2ni anonimi \u0219i necunoscu\u021bi. \u00centre timp am schi\u021bat c\u00e2teva idei, scrise pe telefon, ca mai apoi s\u0103 le postez. <\/p>\n\n\n\n<p>Primele citiri au adus aprecieri \u0219i critici, dar nu m-au descurajat, ba chiar mi-au dat imboldul de a continua, cu o nou\u0103 dorin\u021b\u0103 \u0219i anume, de a evolua. Pove\u0219tile au prins contur, cititorii s-au \u00eenmul\u021bit, la fel \u0219i stelu\u021bele c\u00e2\u0219tigate.\u00a0 Ei au fost cei care m-au \u00eendemnat s\u0103 public.\u00a0 <\/p>\n\n\n\n<p>Via\u021ba m-a \u00eenv\u0103\u021bat s\u0103 fiu realist\u0103 \u0219i rareori tind spre \u021beluri mai mari dec\u00e2t \u0219tiu c\u0103 le pot realiza.\u00a0 Am fost oarecum sceptic\u0103 p\u00e2n\u0103 \u00een momentul \u00een care am v\u0103zut cartea postat\u0103 pe site-ul editurii Bookzone. Aici am cunoscut oameni deosebi\u021bi, care mi-au conferit \u00eencredere \u00een mine \u0219i \u00een crea\u021bia mea. <\/p>\n\n\n\n<p>Datorit\u0103 lor, povestea a ajuns la sufletul mai multor oameni, exact cum \u0219i-au dorit cititorii mei de pe wattpad.<\/p>\n\n\n\n<h4><strong>6. Cum \u021bi-a schimbat acest debut literar via\u021ba? <\/strong><\/h4>\n\n\n\n<figure class=\"wp-block-image\"><a href=\"https:\/\/bookzone.ro\/carte\/pachet-intoarce-te-la-mine-vol-1-vol-2\/\" target=\"_blank\" rel=\"noreferrer noopener\"><img loading=\"lazy\" width=\"1024\" height=\"1024\" src=\"data:image\/gif;base64,R0lGODlhAQABAAAAACH5BAEKAAEALAAAAAABAAEAAAICTAEAOw==\" data-src=\"https:\/\/bookzone.ro\/blog\/wp-content\/uploads\/Intoarce-te-la-mine-Simona-Lungu-editura-Bookzone-1024x1024.jpg\" alt=\"Intoarce-te la mine Simona Lungu editura Bookzone\" class=\"wp-image-2052 lazyload\" data-sizes=\"auto\" data-srcset=\"https:\/\/bookzone.ro\/blog\/wp-content\/uploads\/Intoarce-te-la-mine-Simona-Lungu-editura-Bookzone-1024x1024.jpg 1024w, https:\/\/bookzone.ro\/blog\/wp-content\/uploads\/Intoarce-te-la-mine-Simona-Lungu-editura-Bookzone-150x150.jpg 150w, https:\/\/bookzone.ro\/blog\/wp-content\/uploads\/Intoarce-te-la-mine-Simona-Lungu-editura-Bookzone-300x300.jpg 300w, https:\/\/bookzone.ro\/blog\/wp-content\/uploads\/Intoarce-te-la-mine-Simona-Lungu-editura-Bookzone-768x768.jpg 768w, https:\/\/bookzone.ro\/blog\/wp-content\/uploads\/Intoarce-te-la-mine-Simona-Lungu-editura-Bookzone.jpg 1080w\" sizes=\"(max-width: 1024px) 100vw, 1024px\" \/><\/a><\/figure>\n\n\n\n<p>Toat\u0103 activitatea de pe wattpad a fost secret\u0103. Era o parte din via\u021ba mea, de care nu \u0219tia nici familia. Poate uneori i-am dezam\u0103git pe cei care m\u0103 urm\u0103reau pe wattpad, prin faptul c\u0103 nu le r\u0103spundeam la comentarii, dar nu m\u0103 puteam tr\u0103da celor din jur. \u00cen ziua \u00een care a fost publicat\u0103, am trimis link-ul tuturor cunoscu\u021bilor \u0219i reac\u021biile au fost pe m\u0103sur\u0103. <\/p>\n\n\n\n<p>Unii au crezut c\u0103 este una dintre poantele mele trimise pe messenger \u0219i au r\u0103spuns ca atare, al\u021bii, c\u0103 ar fi vorba de o coinciden\u021b\u0103 de nume.\u00a0 Primele zile am primit doar r\u0103spunsuri amuzante, ca mai apoi s\u0103 realizeze c\u0103 e adev\u0103rat. Simona Lungu, fiica, sora, so\u021bia, mama, prietena, colega&#8230;, a publicat o carte!<\/p>\n\n\n\n<p>Cred c\u0103 schimbarea a survenit \u00een modul \u00een care m\u0103 percepeau unii oameni p\u00e2n\u0103 atunci. \u00cen ceea ce m\u0103 prive\u0219te, am devenit mai \u00eencrez\u0103toare.<\/p>\n\n\n\n<h4>7. <strong>\u00cen povestea Anei, din volumele \u201e\u00centoarce-te la mine\u201d, este \u0219i un pic din tine? Te reg\u0103sim pe undeva, printre r\u00e2nduri?<\/strong><\/h4>\n\n\n\n<p>Firul narativ, scris la persoana I, reprezint\u0103 procesul de maturizare al Anei, o t\u00e2n\u0103ra r\u0103sf\u0103\u021bat\u0103, \u00eens\u0103, pe care via\u021ba decide s-o supun\u0103 la grele \u00eencerc\u0103ri. Iubirea o schimb\u0103, o \u00eenva\u021b\u0103 s\u0103 d\u0103ruiasc\u0103 \u0219i mai ales s\u0103 lupte pentru tot ceea ce-i ofer\u0103 fiecare zi. Sunt un om care nu se las\u0103 d\u0103rmat de probleme cu u\u0219urin\u021b\u0103. <\/p>\n\n\n\n<p>V\u0103d jum\u0103tatea plin\u0103 a paharului \u0219i datorit\u0103 optimismului sunt persoana de azi. Consider c\u0103 tot ce mi s-a \u00eent\u00e2mplat p\u00e2n\u0103 acum, bun sau r\u0103u, a fost voin\u021ba Domnului, pentru a m\u0103 \u00eent\u0103ri \u0219i a aprecia tot ce am realizat. Deci, da! \u00cen Ana este o parte din mine, din mama, din mamaia, dar \u0219i din femeile care au supravie\u021buit\u00a0 unui r\u0103zboi cumplit.<\/p>\n\n\n\n<h4>8. <strong>Ce ne po\u021bi spune despre tine, astfel \u00eenc\u00e2t s\u0103 potolim curiozitatea fanilor \u0219i s\u0103-i ajut\u0103m, totu\u0219i, s\u0103 cunoasc\u0103 o buc\u0103\u021bic\u0103 din adev\u0103rata Simona Lungu?<\/strong><\/h4>\n\n\n\n<p>Provin dintr-o familie modest\u0103, n\u0103scut\u0103 \u00eentr-un or\u0103\u0219el de la malul m\u0103rii. Iubesc aceast\u0103 \u021bar\u0103 \u0219i mai ales zona \u00een care mi-am petrecut \u00eentreaga via\u021b\u0103, tocmai de aceea personajele mele sunt autohtone. <\/p>\n\n\n\n<p>Sunt so\u021bie \u0219i mam\u0103 a doi copii n\u0103zdr\u0103vani. Iubesc muzica rock \u0219i marea, p\u0103r\u0103sind-o doar \u00een vacan\u021be. \u00cen copil\u0103rie eram destul de zglobie, stres\u00e2nd deseori vecinii cu \u021bipetele \u0219i jocurile mele, ajung\u00e2nd la polul opus pe perioada liceului. <\/p>\n\n\n\n<p>Porecla din copil\u0103rie ,,Ciu\u0219ca\u201d s-a preschimbat \u00een ,,S\u0103lbatica\u201d datorit\u0103 timidit\u0103\u021bii. Acum sunt deschis\u0103, sociabil\u0103 \u0219i glumea\u021b\u0103 cu apropia\u021bii, dar devin reticient\u0103 cu cei care au manifest\u0103ri arogante. De patru ani ne-am mutat la cas\u0103, aduc\u00e2nd o nou\u0103 metod\u0103 de relaxare \u0219i anume, gr\u0103dina mea cu flori. <\/p>\n\n\n\n<p>Sunt un om activ \u0219i \u00eencerc s\u0103-mi \u00eendeplinesc cu brio fiecare \u00eendatorire, astfel, alerg \u00eentre \u0219coal\u0103, serviciu, \u00a0activit\u0103\u021bile extra\u0219colare ale copiilor mei,\u00a0 gospod\u0103rie.\u00a0 Scriu noaptea sau \u00een pu\u021binele momente de singur\u0103tate \u0219i am considerat aceast\u0103 activitate ca fiind terapia mea gratuit\u0103, antistres, dup\u0103 o zi obositoare .<\/p>\n\n\n\n<figure class=\"wp-block-image\"><a href=\"https:\/\/bookzone.ro\/carte\/pachet-intoarce-te-la-mine-vol-1-vol-2\/\" target=\"_blank\" rel=\"noreferrer noopener\"><img loading=\"lazy\" width=\"1024\" height=\"1024\" src=\"data:image\/gif;base64,R0lGODlhAQABAAAAACH5BAEKAAEALAAAAAABAAEAAAICTAEAOw==\" data-src=\"https:\/\/bookzone.ro\/blog\/wp-content\/uploads\/Intoarce-te-la-mine-1024x1024.jpg\" alt=\"Intoarce-te-la-mine\" class=\"wp-image-2055 lazyload\" data-sizes=\"auto\" data-srcset=\"https:\/\/bookzone.ro\/blog\/wp-content\/uploads\/Intoarce-te-la-mine-1024x1024.jpg 1024w, https:\/\/bookzone.ro\/blog\/wp-content\/uploads\/Intoarce-te-la-mine-150x150.jpg 150w, https:\/\/bookzone.ro\/blog\/wp-content\/uploads\/Intoarce-te-la-mine-300x300.jpg 300w, https:\/\/bookzone.ro\/blog\/wp-content\/uploads\/Intoarce-te-la-mine-768x768.jpg 768w, https:\/\/bookzone.ro\/blog\/wp-content\/uploads\/Intoarce-te-la-mine.jpg 1080w\" sizes=\"(max-width: 1024px) 100vw, 1024px\" \/><\/a><\/figure>\n\n\n\n<h4>9. <strong>\u0218tim c\u0103 ai o nou\u0103 carte \u00een plan. Av\u00e2nd cititorii \u00een minte, care-i ra\u021biunea pentru care scrii?<\/strong><\/h4>\n\n\n\n<p>Noua carte se nume\u0219te ,,Prejudec\u0103\u021bi\u201d \u0219i este o alt\u0103 poveste pe care cititorii de pe wattpad m-au \u00eendemnat s-o public. A\u0219a cum spune \u0219i titlul,\u00a0 societatea impune uneori idei preconcepute asupra unui lucru, problem\u0103, fiin\u021b\u0103 \u00a0sau \u00een cazul de fa\u021b\u0103, a unei etnii. \u0218i \u00een aceast\u0103 poveste se \u00eembin\u0103 realitatea cu fic\u021bunea. <\/p>\n\n\n\n<p>De aceast\u0103 dat\u0103 ac\u021biunea se petrece \u00een prezent, \u00een lumea satului rom\u00e2nesc, experien\u021b\u0103 tr\u0103it\u0103 personal cu mai mul\u021bi ani \u00een urm\u0103. Pove\u0219tile mele transmit\u00a0 un mesaj \u0219i \u00eemi doresc s\u0103 reprezinte o lec\u021bie de via\u021b\u0103, prin care unele \u00a0persoane se pot reg\u0103si sau pot \u00eenv\u0103\u021ba c\u00e2te ceva.<\/p>\n\n\n\n<h4>10. <strong>Dac\u0103 ai organiza o petrecere literar\u0103 acas\u0103 la tine, pe cine ai invita?<\/strong><\/h4>\n\n\n\n<p>Of, e prea mult spus! Dar\nmi-ar pl\u0103cea s\u0103 fiu invitat\u0103 la o reuniune a tuturor autorilor contemporani,\nmai mult sau mai pu\u021bin cunoscu\u021bi. Probabil n-a\u0219 \u00eendr\u0103zni s\u0103 m\u0103 apropii prea\nmult \u0219i a\u0219 r\u0103m\u00e2ne \u00eentr-un col\u021b,&nbsp;\nurm\u0103rindu-i cu mare aten\u021bie, curiozitate \u0219i bucurie. A\u0219 sim\u021bi o mare\nm\u00e2ndrie c\u0103 a\u0219 fi acolo \u0219i c\u0103 \u00eentr-un fel sau altul , fac parte din lumea lor.<\/p>\n","protected":false},"excerpt":{"rendered":"<p>Simona Lungu este o autoare debutant\u0103, \u00eens\u0103 volumele sale \u201e\u00centoarce-te la mine\u201d au cucerit deja inimile a mii de cititori \u0219i este una dintre cele mai apreciate autoare din Rom\u00e2nia. Cartea a fost lansat\u0103 \u00een 2019 la editura Bookzone, iar odat\u0103 cu revizuirea copertei \u0219i relansarea acesteia, i-am luat un interviu \u00een exclusivitate, pentru a-i&hellip;<\/p>\n","protected":false},"author":1,"featured_media":2049,"comment_status":"open","ping_status":"open","sticky":false,"template":"","format":"standard","meta":[],"categories":[10],"tags":[26,56,86,82,90],"thb-sponsors":[],"yoast_head":"<!-- This site is optimized with the Yoast SEO plugin v19.6.1 - https:\/\/yoast.com\/wordpress\/plugins\/seo\/ -->\r\n<title>Interviu cu autor Bookzone | Simona Lungu, \u201e\u00centoarce-te la mine\u201d<\/title>\r\n<meta name=\"description\" content=\"Simona Lungu este o autoare debutant\u0103, \u00eens\u0103 volumele sale \u201e\u00centoarce-te la mine\u201d au cucerit deja inimile a mii de cititori.\" \/>\r\n<meta name=\"robots\" content=\"index, follow, max-snippet:-1, max-image-preview:large, max-video-preview:-1\" \/>\r\n<link rel=\"canonical\" href=\"https:\/\/bookzone.ro\/blog\/interviu-cu-autor-bookzone-simona-lungu-intoarce-te-la-mine\" \/>\r\n<meta property=\"og:locale\" content=\"ro_RO\" \/>\r\n<meta property=\"og:type\" content=\"article\" \/>\r\n<meta property=\"og:title\" content=\"Interviu cu autor Bookzone | Simona Lungu, \u201e\u00centoarce-te la mine\u201d\" \/>\r\n<meta property=\"og:description\" content=\"Simona Lungu este o autoare debutant\u0103, \u00eens\u0103 volumele sale \u201e\u00centoarce-te la mine\u201d au cucerit deja inimile a mii de cititori.\" \/>\r\n<meta property=\"og:url\" content=\"https:\/\/bookzone.ro\/blog\/interviu-cu-autor-bookzone-simona-lungu-intoarce-te-la-mine\" \/>\r\n<meta property=\"og:site_name\" content=\"Blog Bookzone.ro\" \/>\r\n<meta property=\"article:publisher\" content=\"https:\/\/www.facebook.com\/Bookzone.ro\" \/>\r\n<meta property=\"article:published_time\" content=\"2019-11-18T10:04:09+00:00\" \/>\r\n<meta property=\"article:modified_time\" content=\"2019-11-18T10:43:09+00:00\" \/>\r\n<meta property=\"og:image\" content=\"https:\/\/bookzone.ro\/blog\/wp-content\/uploads\/Simona-Lungu-autor-editura-Bookzone.jpeg\" \/>\r\n\t<meta property=\"og:image:width\" content=\"1080\" \/>\r\n\t<meta property=\"og:image:height\" content=\"1080\" \/>\r\n\t<meta property=\"og:image:type\" content=\"image\/jpeg\" \/>\r\n<meta name=\"author\" content=\"Adela\" \/>\r\n<meta name=\"twitter:card\" content=\"summary\" \/>\r\n<meta name=\"twitter:label1\" content=\"Scris de\" \/>\n\t<meta name=\"twitter:data1\" content=\"Adela\" \/>\n\t<meta name=\"twitter:label2\" content=\"Timp estimat pentru citire\" \/>\n\t<meta name=\"twitter:data2\" content=\"11 minute\" \/>\r\n<script type=\"application\/ld+json\" class=\"yoast-schema-graph\">{\"@context\":\"https:\/\/schema.org\",\"@graph\":[{\"@type\":\"Article\",\"@id\":\"https:\/\/bookzone.ro\/blog\/interviu-cu-autor-bookzone-simona-lungu-intoarce-te-la-mine#article\",\"isPartOf\":{\"@id\":\"https:\/\/bookzone.ro\/blog\/interviu-cu-autor-bookzone-simona-lungu-intoarce-te-la-mine\"},\"author\":{\"name\":\"Adela\",\"@id\":\"https:\/\/bookzone.ro\/blog\/#\/schema\/person\/dae97f14acabb75717bec52a2af900fa\"},\"headline\":\"Interviu cu autor Bookzone | Simona Lungu, \u201e\u00centoarce-te la mine\u201d\",\"datePublished\":\"2019-11-18T10:04:09+00:00\",\"dateModified\":\"2019-11-18T10:43:09+00:00\",\"mainEntityOfPage\":{\"@id\":\"https:\/\/bookzone.ro\/blog\/interviu-cu-autor-bookzone-simona-lungu-intoarce-te-la-mine\"},\"wordCount\":2115,\"commentCount\":1,\"publisher\":{\"@id\":\"https:\/\/bookzone.ro\/blog\/#organization\"},\"keywords\":[\"bookzone\",\"carti\",\"carti de dragoste\",\"editura\",\"interviu\"],\"articleSection\":[\"Interviuri cu autori\"],\"inLanguage\":\"ro-RO\",\"potentialAction\":[{\"@type\":\"CommentAction\",\"name\":\"Comment\",\"target\":[\"https:\/\/bookzone.ro\/blog\/interviu-cu-autor-bookzone-simona-lungu-intoarce-te-la-mine#respond\"]}]},{\"@type\":\"WebPage\",\"@id\":\"https:\/\/bookzone.ro\/blog\/interviu-cu-autor-bookzone-simona-lungu-intoarce-te-la-mine\",\"url\":\"https:\/\/bookzone.ro\/blog\/interviu-cu-autor-bookzone-simona-lungu-intoarce-te-la-mine\",\"name\":\"Interviu cu autor Bookzone | Simona Lungu, \u201e\u00centoarce-te la mine\u201d\",\"isPartOf\":{\"@id\":\"https:\/\/bookzone.ro\/blog\/#website\"},\"datePublished\":\"2019-11-18T10:04:09+00:00\",\"dateModified\":\"2019-11-18T10:43:09+00:00\",\"description\":\"Simona Lungu este o autoare debutant\u0103, \u00eens\u0103 volumele sale \u201e\u00centoarce-te la mine\u201d au cucerit deja inimile a mii de cititori.\",\"breadcrumb\":{\"@id\":\"https:\/\/bookzone.ro\/blog\/interviu-cu-autor-bookzone-simona-lungu-intoarce-te-la-mine#breadcrumb\"},\"inLanguage\":\"ro-RO\",\"potentialAction\":[{\"@type\":\"ReadAction\",\"target\":[\"https:\/\/bookzone.ro\/blog\/interviu-cu-autor-bookzone-simona-lungu-intoarce-te-la-mine\"]}]},{\"@type\":\"BreadcrumbList\",\"@id\":\"https:\/\/bookzone.ro\/blog\/interviu-cu-autor-bookzone-simona-lungu-intoarce-te-la-mine#breadcrumb\",\"itemListElement\":[{\"@type\":\"ListItem\",\"position\":1,\"name\":\"Bookzone Blog\",\"item\":\"https:\/\/bookzone.ro\/blog\/\"},{\"@type\":\"ListItem\",\"position\":2,\"name\":\"Interviu cu autor Bookzone | Simona Lungu, \u201e\u00centoarce-te la mine\u201d\"}]},{\"@type\":\"WebSite\",\"@id\":\"https:\/\/bookzone.ro\/blog\/#website\",\"url\":\"https:\/\/bookzone.ro\/blog\/\",\"name\":\"Blog Bookzone.ro\",\"description\":\"Din respect pentru carti. Pretuim scrisul. Pretuim cititul\",\"publisher\":{\"@id\":\"https:\/\/bookzone.ro\/blog\/#organization\"},\"potentialAction\":[{\"@type\":\"SearchAction\",\"target\":{\"@type\":\"EntryPoint\",\"urlTemplate\":\"https:\/\/bookzone.ro\/blog\/?s={search_term_string}\"},\"query-input\":\"required name=search_term_string\"}],\"inLanguage\":\"ro-RO\"},{\"@type\":\"Organization\",\"@id\":\"https:\/\/bookzone.ro\/blog\/#organization\",\"name\":\"Bookzone\",\"url\":\"https:\/\/bookzone.ro\/blog\/\",\"sameAs\":[\"https:\/\/www.facebook.com\/Bookzone.ro\"],\"logo\":{\"@type\":\"ImageObject\",\"inLanguage\":\"ro-RO\",\"@id\":\"https:\/\/bookzone.ro\/blog\/#\/schema\/logo\/image\/\",\"url\":\"https:\/\/bookzone.ro\/blog\/wp-content\/uploads\/logo-bookzone.png\",\"contentUrl\":\"https:\/\/bookzone.ro\/blog\/wp-content\/uploads\/logo-bookzone.png\",\"width\":808,\"height\":180,\"caption\":\"Bookzone\"},\"image\":{\"@id\":\"https:\/\/bookzone.ro\/blog\/#\/schema\/logo\/image\/\"}},{\"@type\":\"Person\",\"@id\":\"https:\/\/bookzone.ro\/blog\/#\/schema\/person\/dae97f14acabb75717bec52a2af900fa\",\"name\":\"Adela\",\"image\":{\"@type\":\"ImageObject\",\"inLanguage\":\"ro-RO\",\"@id\":\"https:\/\/bookzone.ro\/blog\/#\/schema\/person\/image\/\",\"url\":\"https:\/\/secure.gravatar.com\/avatar\/7ee38dca858bb6573eedd34d308a131a?s=96&d=mm&r=g\",\"contentUrl\":\"https:\/\/secure.gravatar.com\/avatar\/7ee38dca858bb6573eedd34d308a131a?s=96&d=mm&r=g\",\"caption\":\"Adela\"}}]}<\/script>\r\n<!-- \/ Yoast SEO plugin. -->","yoast_head_json":{"title":"Interviu cu autor Bookzone | Simona Lungu, \u201e\u00centoarce-te la mine\u201d","description":"Simona Lungu este o autoare debutant\u0103, \u00eens\u0103 volumele sale \u201e\u00centoarce-te la mine\u201d au cucerit deja inimile a mii de cititori.","robots":{"index":"index","follow":"follow","max-snippet":"max-snippet:-1","max-image-preview":"max-image-preview:large","max-video-preview":"max-video-preview:-1"},"canonical":"https:\/\/bookzone.ro\/blog\/interviu-cu-autor-bookzone-simona-lungu-intoarce-te-la-mine","og_locale":"ro_RO","og_type":"article","og_title":"Interviu cu autor Bookzone | Simona Lungu, \u201e\u00centoarce-te la mine\u201d","og_description":"Simona Lungu este o autoare debutant\u0103, \u00eens\u0103 volumele sale \u201e\u00centoarce-te la mine\u201d au cucerit deja inimile a mii de cititori.","og_url":"https:\/\/bookzone.ro\/blog\/interviu-cu-autor-bookzone-simona-lungu-intoarce-te-la-mine","og_site_name":"Blog Bookzone.ro","article_publisher":"https:\/\/www.facebook.com\/Bookzone.ro","article_published_time":"2019-11-18T10:04:09+00:00","article_modified_time":"2019-11-18T10:43:09+00:00","og_image":[{"width":1080,"height":1080,"url":"https:\/\/bookzone.ro\/blog\/wp-content\/uploads\/Simona-Lungu-autor-editura-Bookzone.jpeg","type":"image\/jpeg"}],"author":"Adela","twitter_card":"summary","twitter_misc":{"Scris de":"Adela","Timp estimat pentru citire":"11 minute"},"schema":{"@context":"https:\/\/schema.org","@graph":[{"@type":"Article","@id":"https:\/\/bookzone.ro\/blog\/interviu-cu-autor-bookzone-simona-lungu-intoarce-te-la-mine#article","isPartOf":{"@id":"https:\/\/bookzone.ro\/blog\/interviu-cu-autor-bookzone-simona-lungu-intoarce-te-la-mine"},"author":{"name":"Adela","@id":"https:\/\/bookzone.ro\/blog\/#\/schema\/person\/dae97f14acabb75717bec52a2af900fa"},"headline":"Interviu cu autor Bookzone | Simona Lungu, \u201e\u00centoarce-te la mine\u201d","datePublished":"2019-11-18T10:04:09+00:00","dateModified":"2019-11-18T10:43:09+00:00","mainEntityOfPage":{"@id":"https:\/\/bookzone.ro\/blog\/interviu-cu-autor-bookzone-simona-lungu-intoarce-te-la-mine"},"wordCount":2115,"commentCount":1,"publisher":{"@id":"https:\/\/bookzone.ro\/blog\/#organization"},"keywords":["bookzone","carti","carti de dragoste","editura","interviu"],"articleSection":["Interviuri cu autori"],"inLanguage":"ro-RO","potentialAction":[{"@type":"CommentAction","name":"Comment","target":["https:\/\/bookzone.ro\/blog\/interviu-cu-autor-bookzone-simona-lungu-intoarce-te-la-mine#respond"]}]},{"@type":"WebPage","@id":"https:\/\/bookzone.ro\/blog\/interviu-cu-autor-bookzone-simona-lungu-intoarce-te-la-mine","url":"https:\/\/bookzone.ro\/blog\/interviu-cu-autor-bookzone-simona-lungu-intoarce-te-la-mine","name":"Interviu cu autor Bookzone | Simona Lungu, \u201e\u00centoarce-te la mine\u201d","isPartOf":{"@id":"https:\/\/bookzone.ro\/blog\/#website"},"datePublished":"2019-11-18T10:04:09+00:00","dateModified":"2019-11-18T10:43:09+00:00","description":"Simona Lungu este o autoare debutant\u0103, \u00eens\u0103 volumele sale \u201e\u00centoarce-te la mine\u201d au cucerit deja inimile a mii de cititori.","breadcrumb":{"@id":"https:\/\/bookzone.ro\/blog\/interviu-cu-autor-bookzone-simona-lungu-intoarce-te-la-mine#breadcrumb"},"inLanguage":"ro-RO","potentialAction":[{"@type":"ReadAction","target":["https:\/\/bookzone.ro\/blog\/interviu-cu-autor-bookzone-simona-lungu-intoarce-te-la-mine"]}]},{"@type":"BreadcrumbList","@id":"https:\/\/bookzone.ro\/blog\/interviu-cu-autor-bookzone-simona-lungu-intoarce-te-la-mine#breadcrumb","itemListElement":[{"@type":"ListItem","position":1,"name":"Bookzone Blog","item":"https:\/\/bookzone.ro\/blog\/"},{"@type":"ListItem","position":2,"name":"Interviu cu autor Bookzone | Simona Lungu, \u201e\u00centoarce-te la mine\u201d"}]},{"@type":"WebSite","@id":"https:\/\/bookzone.ro\/blog\/#website","url":"https:\/\/bookzone.ro\/blog\/","name":"Blog Bookzone.ro","description":"Din respect pentru carti. Pretuim scrisul. Pretuim cititul","publisher":{"@id":"https:\/\/bookzone.ro\/blog\/#organization"},"potentialAction":[{"@type":"SearchAction","target":{"@type":"EntryPoint","urlTemplate":"https:\/\/bookzone.ro\/blog\/?s={search_term_string}"},"query-input":"required name=search_term_string"}],"inLanguage":"ro-RO"},{"@type":"Organization","@id":"https:\/\/bookzone.ro\/blog\/#organization","name":"Bookzone","url":"https:\/\/bookzone.ro\/blog\/","sameAs":["https:\/\/www.facebook.com\/Bookzone.ro"],"logo":{"@type":"ImageObject","inLanguage":"ro-RO","@id":"https:\/\/bookzone.ro\/blog\/#\/schema\/logo\/image\/","url":"https:\/\/bookzone.ro\/blog\/wp-content\/uploads\/logo-bookzone.png","contentUrl":"https:\/\/bookzone.ro\/blog\/wp-content\/uploads\/logo-bookzone.png","width":808,"height":180,"caption":"Bookzone"},"image":{"@id":"https:\/\/bookzone.ro\/blog\/#\/schema\/logo\/image\/"}},{"@type":"Person","@id":"https:\/\/bookzone.ro\/blog\/#\/schema\/person\/dae97f14acabb75717bec52a2af900fa","name":"Adela","image":{"@type":"ImageObject","inLanguage":"ro-RO","@id":"https:\/\/bookzone.ro\/blog\/#\/schema\/person\/image\/","url":"https:\/\/secure.gravatar.com\/avatar\/7ee38dca858bb6573eedd34d308a131a?s=96&d=mm&r=g","contentUrl":"https:\/\/secure.gravatar.com\/avatar\/7ee38dca858bb6573eedd34d308a131a?s=96&d=mm&r=g","caption":"Adela"}}]}},"_links":{"self":[{"href":"https:\/\/bookzone.ro\/blog\/wp-json\/wp\/v2\/posts\/2048"}],"collection":[{"href":"https:\/\/bookzone.ro\/blog\/wp-json\/wp\/v2\/posts"}],"about":[{"href":"https:\/\/bookzone.ro\/blog\/wp-json\/wp\/v2\/types\/post"}],"author":[{"embeddable":true,"href":"https:\/\/bookzone.ro\/blog\/wp-json\/wp\/v2\/users\/1"}],"replies":[{"embeddable":true,"href":"https:\/\/bookzone.ro\/blog\/wp-json\/wp\/v2\/comments?post=2048"}],"version-history":[{"count":6,"href":"https:\/\/bookzone.ro\/blog\/wp-json\/wp\/v2\/posts\/2048\/revisions"}],"predecessor-version":[{"id":2060,"href":"https:\/\/bookzone.ro\/blog\/wp-json\/wp\/v2\/posts\/2048\/revisions\/2060"}],"wp:featuredmedia":[{"embeddable":true,"href":"https:\/\/bookzone.ro\/blog\/wp-json\/wp\/v2\/media\/2049"}],"wp:attachment":[{"href":"https:\/\/bookzone.ro\/blog\/wp-json\/wp\/v2\/media?parent=2048"}],"wp:term":[{"taxonomy":"category","embeddable":true,"href":"https:\/\/bookzone.ro\/blog\/wp-json\/wp\/v2\/categories?post=2048"},{"taxonomy":"post_tag","embeddable":true,"href":"https:\/\/bookzone.ro\/blog\/wp-json\/wp\/v2\/tags?post=2048"},{"taxonomy":"thb-sponsors","embeddable":true,"href":"https:\/\/bookzone.ro\/blog\/wp-json\/wp\/v2\/thb-sponsors?post=2048"}],"curies":[{"name":"wp","href":"https:\/\/api.w.org\/{rel}","templated":true}]}}