{"id":1227,"date":"2017-10-18T10:03:36","date_gmt":"2017-10-18T10:03:36","guid":{"rendered":"https:\/\/bookzone.ro\/blog\/?p=1227"},"modified":"2017-10-18T18:10:32","modified_gmt":"2017-10-18T18:10:32","slug":"de-ce-sa-ne-facem-griji-cartea-motive-pentru-a-zambi-zig-ziglar","status":"publish","type":"post","link":"https:\/\/bookzone.ro\/blog\/de-ce-sa-ne-facem-griji-cartea-motive-pentru-a-zambi-zig-ziglar","title":{"rendered":"Motive pentru a z\u00e2mbi &#8211; Zig Ziglar"},"content":{"rendered":"<h3><strong>Fragment din cartea &#8222;Motive pentru a z\u00e2mbi&#8221; &#8211; Zig Ziglar<\/strong><\/h3>\n<p>Fiecare dintre noi are nevoie de un cuv\u00e2nt bun, de sus\u021binere, pentru a putea trece peste dificult\u0103\u021bile cotidiene. Cartea &#8222;<strong>Motive pentru a z\u00e2mbi<\/strong>&#8221; a lui Zig Ziglar \u00ee\u021bi ofer\u0103 sfaturile de care ai nevoie, istorisiri care \u00ee\u021bi fac ziua mai bun\u0103, precum \u0219i citate care te vor ajuta s\u0103 ai o viziune optimist\u0103 asupra vie\u021bii \u0219i a rela\u021biilor dintre oameni, necesar\u0103 pentru \u00eemplinirea personal\u0103 \u0219i atingerea scopurilor propuse.<!--more--><\/p>\n<h4><strong>De ce s\u0103 ne facem griji?<\/strong><\/h4>\n<p>\u00cengrijorarea a fost descris\u0103 ca \u201cdob\u00e2nda pl\u0103tit\u0103 pe probleme \u00eenainte de scaden\u021b\u0103\u201d. Unul dintre cei mai mari du\u0219mani ai omului este ingrijorarea. \u00cengrijorarea este ca un balansoar: necesit\u0103 foarte mult\u0103 energie \u0219i nu te duce nic\u0103ieri. Leo Bucaglia a spus: <strong>\u201c\u00cengrijorarea nu alung\u0103 am\u0103r\u0103ciunea zilei de m\u00e2ine, dar r\u0103pe\u0219te bucuria zilei de azi.\u201d<\/strong><\/p>\n<p><strong>\u00centrebare: Ave\u021bi obiceiul s\u0103 v\u0103 face\u021bi griji?<\/strong> Dr. Charles Mayo spunea: \u201c\u00cengrijorarea afecteaz\u0103 circula\u021bia s\u00e2ngelui \u0219i \u00eentregul sistem nervos. N-am \u00eent\u00e2lnit niciodat\u0103 un om care s\u0103 moar\u0103 de prea mult\u0103 munc\u0103, dar am \u00eent\u00e2lnit \u00a0mul\u021bi care au murit de \u00eendoial\u0103.\u201d \u00cendoiala produce \u00eentotdeauna \u00eengrijorare \u0219i, \u00een majoritatea cazurilor, lipsa informa\u021biei o spore\u0219te.<\/p>\n<p>Via\u021ba este \u00een mare m\u0103sur\u0103 ca un cadou de Cr\u0103ciun. Ai mai multe \u0219anse s\u0103 prime\u0219ti ceea ce te a\u0219tep\u021bi dec\u00e2t ceea ce-\u021bi dore\u0219ti.<\/p>\n<p>Din punct de vedere matematic, \u00eengrijorarea n-are absolut niciun sens. Psihologii \u0219i al\u021bi cercet\u0103tori ne dau de \u0219tire c\u0103 circa 40% dintre lucrurile cu privire la care ne facem griji nu se vor \u00eent\u00e2mpla niciodat\u0103, iar 30% deja s-au \u00eent\u00e2mplat. \u00cen plus, 12% dintre grijile noastre sunt temeri nefondate privind s\u0103n\u0103tatea. Un alt procent de 10% se refer\u0103 la diversele fr\u0103m\u00e2nt\u0103ri zilnice care nu duc nic\u0103ieri. A\u0219a c\u0103 r\u0103m\u00e2n doar 8%. Spus la modul cel mai simplu, oamenii \u00ee\u0219i fac griji 92% din timp f\u0103r\u0103 niciun temei real \u0219i, dac\u0103 dr. Mayo are dreptate, asta ne omoar\u0103.<\/p>\n<p>O solu\u021bie oferit\u0103 \u00een cartea &#8222;<a href=\"https:\/\/bookzone.ro\/carte\/motive-pentru-a-zambi\/?utm_source=blog_bkz&amp;utm_medium=blog&amp;utm_campaign=post_blog_motive_zambi\">Motive pentru a z\u00e2mbi<\/a>&#8221; pentru a reduce starea de \u00eengrijorare este urm\u0103toarea: nu v\u0103 face\u021bi griji \u00een leg\u0103tur\u0103 cu ceea ce nu pute\u021bi schimba. De exemplu, timp de ani \u00eentregi am parcurs cu avionul peste doua sute de mii de mile pe an. Uneori zborurile sunt anulate sau am\u00e2nate. Chiar acum, \u00een timp ce scriu aceste cuvinte, stau pe pista de decolare a\u0219tept\u00e2nd s\u0103 se elibereze poarta. Dac\u0103 \u00eemi fac griji sau m\u0103 \u00eenfurii, asta nu va schimba nimic. Dac\u0103 fac ceva constructiv \u0219i \u00eenchei acest capitol, am f\u0103cut un pas \u00eenainte. Este un mod pozitiv de a folosi energia pe care a\u0219 fi consumat-o d\u00e2nd curs unor st\u0103ri de m\u00e2nie, frustrare sau \u00eengrijorare.<br \/>\n<strong>Mesajul este limpede: Dac\u0103 nu v\u0103 place situa\u021bia, nu v\u0103 \u00eengrijora\u021bi &#8211; face\u021bi ceva pentru a rezolva problema. Ave\u021bi nevoie de mai pu\u021bine griji \u0219i de mai mult\u0103 ac\u021biune.&#8221;<\/strong><\/p>\n<p>Pentru c\u0103\u00a0mi-a\u00a0pl\u0103cut cartea &#8222;Motive pentru a z\u00e2mbi&#8221; &#8211; Zig Ziglar, \u00ee\u021bi\u00a0ofer \u00eenc\u0103 un citat care, sper eu, \u00ee\u021bi va face ziua mai frumoas\u0103:<\/p>\n<p><strong>&#8222;To\u021bi suntem modela\u021bi de a\u0219tept\u0103rile celorlal\u021bi. Tr\u0103im la nivelul a ceea ce cred ceilal\u021bi despre noi \u0219i despre posibilit\u0103\u021bile noastre. De fapt, ceea ce cred al\u021bii despre noi este deseori mai important \u0219i ne influen\u021beaz\u0103 mai puternic dec\u00e2t ceea ce credem noi \u00een\u0219ine.&#8221; &#8211; Zig Ziglar.<\/strong><\/p>\n<p>P.S Cartea este disponibila aici pentru comanda &#8211;&gt; <a href=\"https:\/\/bookzone.ro\/carte\/motive-pentru-a-zambi\/\">Motive pentru a z\u00e2mbi<\/a>. O po\u021bi avea cu transport gratuit dac\u0103 vei alege \u00eenc\u0103 o carte de pe site.<\/p>\n<p>&nbsp;<\/p>\n<p>Lectur\u0103 pl\u0103cut\u0103,<\/p>\n<p>Livia<\/p>\n","protected":false},"excerpt":{"rendered":"<p>Fragment din cartea &#8222;Motive pentru a z\u00e2mbi&#8221; &#8211; Zig Ziglar Fiecare dintre noi are nevoie de un cuv\u00e2nt bun, de sus\u021binere, pentru a putea trece peste dificult\u0103\u021bile cotidiene. Cartea &#8222;Motive pentru a z\u00e2mbi&#8221; a lui Zig Ziglar \u00ee\u021bi ofer\u0103 sfaturile de care ai nevoie, istorisiri care \u00ee\u021bi fac ziua mai bun\u0103, precum \u0219i citate care&hellip;<\/p>\n","protected":false},"author":1,"featured_media":1238,"comment_status":"open","ping_status":"open","sticky":false,"template":"","format":"standard","meta":[],"categories":[23],"tags":[30,29,25,24],"thb-sponsors":[],"yoast_head":"<!-- This site is optimized with the Yoast SEO plugin v19.6.1 - https:\/\/yoast.com\/wordpress\/plugins\/seo\/ -->\r\n<title>De ce s\u0103 ne facem griji? - Fragment din cartea &quot;Motive pentru a z\u00e2mbi&quot; - Zig Ziglar<\/title>\r\n<meta name=\"description\" content=\"O solu\u021bie oferit\u0103 \u00een cartea &quot;Motive pentru a z\u00e2mbi&quot; pentru a reduce starea de \u00eengrijorare este urm\u0103toarea: nu v\u0103 face\u021bi griji \u00een leg\u0103tur\u0103 cu ceea ce nu...\" \/>\r\n<meta name=\"robots\" content=\"index, follow, max-snippet:-1, max-image-preview:large, max-video-preview:-1\" \/>\r\n<link rel=\"canonical\" href=\"https:\/\/bookzone.ro\/blog\/de-ce-sa-ne-facem-griji-cartea-motive-pentru-a-zambi-zig-ziglar\" \/>\r\n<meta property=\"og:locale\" content=\"ro_RO\" \/>\r\n<meta property=\"og:type\" content=\"article\" \/>\r\n<meta property=\"og:title\" content=\"De ce s\u0103 ne facem griji? - Fragment din cartea &quot;Motive pentru a z\u00e2mbi&quot; - Zig Ziglar\" \/>\r\n<meta property=\"og:description\" content=\"O solu\u021bie oferit\u0103 \u00een cartea &quot;Motive pentru a z\u00e2mbi&quot; pentru a reduce starea de \u00eengrijorare este urm\u0103toarea: nu v\u0103 face\u021bi griji \u00een leg\u0103tur\u0103 cu ceea ce nu...\" \/>\r\n<meta property=\"og:url\" content=\"https:\/\/bookzone.ro\/blog\/de-ce-sa-ne-facem-griji-cartea-motive-pentru-a-zambi-zig-ziglar\" \/>\r\n<meta property=\"og:site_name\" content=\"Blog Bookzone.ro\" \/>\r\n<meta property=\"article:publisher\" content=\"https:\/\/www.facebook.com\/Bookzone.ro\" \/>\r\n<meta property=\"article:published_time\" content=\"2017-10-18T10:03:36+00:00\" \/>\r\n<meta property=\"article:modified_time\" content=\"2017-10-18T18:10:32+00:00\" \/>\r\n<meta property=\"og:image\" content=\"https:\/\/bookzone.ro\/blog\/wp-content\/uploads\/griji.jpg\" \/>\r\n\t<meta property=\"og:image:width\" content=\"1080\" \/>\r\n\t<meta property=\"og:image:height\" content=\"1080\" \/>\r\n\t<meta property=\"og:image:type\" content=\"image\/jpeg\" \/>\r\n<meta name=\"author\" content=\"Adela\" \/>\r\n<meta name=\"twitter:card\" content=\"summary\" \/>\r\n<meta name=\"twitter:label1\" content=\"Scris de\" \/>\n\t<meta name=\"twitter:data1\" content=\"Adela\" \/>\n\t<meta name=\"twitter:label2\" content=\"Timp estimat pentru citire\" \/>\n\t<meta name=\"twitter:data2\" content=\"3 minute\" \/>\r\n<script type=\"application\/ld+json\" class=\"yoast-schema-graph\">{\"@context\":\"https:\/\/schema.org\",\"@graph\":[{\"@type\":\"Article\",\"@id\":\"https:\/\/bookzone.ro\/blog\/de-ce-sa-ne-facem-griji-cartea-motive-pentru-a-zambi-zig-ziglar#article\",\"isPartOf\":{\"@id\":\"https:\/\/bookzone.ro\/blog\/de-ce-sa-ne-facem-griji-cartea-motive-pentru-a-zambi-zig-ziglar\"},\"author\":{\"name\":\"Adela\",\"@id\":\"https:\/\/bookzone.ro\/blog\/#\/schema\/person\/dae97f14acabb75717bec52a2af900fa\"},\"headline\":\"Motive pentru a z\u00e2mbi &#8211; Zig Ziglar\",\"datePublished\":\"2017-10-18T10:03:36+00:00\",\"dateModified\":\"2017-10-18T18:10:32+00:00\",\"mainEntityOfPage\":{\"@id\":\"https:\/\/bookzone.ro\/blog\/de-ce-sa-ne-facem-griji-cartea-motive-pentru-a-zambi-zig-ziglar\"},\"wordCount\":684,\"commentCount\":3,\"publisher\":{\"@id\":\"https:\/\/bookzone.ro\/blog\/#organization\"},\"keywords\":[\"Dezvoltare persoanala\",\"Motive pentru a zambi\",\"pauza de lectura\",\"zig ziglar\"],\"articleSection\":[\"Pauza de lectura\"],\"inLanguage\":\"ro-RO\",\"potentialAction\":[{\"@type\":\"CommentAction\",\"name\":\"Comment\",\"target\":[\"https:\/\/bookzone.ro\/blog\/de-ce-sa-ne-facem-griji-cartea-motive-pentru-a-zambi-zig-ziglar#respond\"]}]},{\"@type\":\"WebPage\",\"@id\":\"https:\/\/bookzone.ro\/blog\/de-ce-sa-ne-facem-griji-cartea-motive-pentru-a-zambi-zig-ziglar\",\"url\":\"https:\/\/bookzone.ro\/blog\/de-ce-sa-ne-facem-griji-cartea-motive-pentru-a-zambi-zig-ziglar\",\"name\":\"De ce s\u0103 ne facem griji? - Fragment din cartea \\\"Motive pentru a z\u00e2mbi\\\" - Zig Ziglar\",\"isPartOf\":{\"@id\":\"https:\/\/bookzone.ro\/blog\/#website\"},\"datePublished\":\"2017-10-18T10:03:36+00:00\",\"dateModified\":\"2017-10-18T18:10:32+00:00\",\"description\":\"O solu\u021bie oferit\u0103 \u00een cartea \\\"Motive pentru a z\u00e2mbi\\\" pentru a reduce starea de \u00eengrijorare este urm\u0103toarea: nu v\u0103 face\u021bi griji \u00een leg\u0103tur\u0103 cu ceea ce nu...\",\"breadcrumb\":{\"@id\":\"https:\/\/bookzone.ro\/blog\/de-ce-sa-ne-facem-griji-cartea-motive-pentru-a-zambi-zig-ziglar#breadcrumb\"},\"inLanguage\":\"ro-RO\",\"potentialAction\":[{\"@type\":\"ReadAction\",\"target\":[\"https:\/\/bookzone.ro\/blog\/de-ce-sa-ne-facem-griji-cartea-motive-pentru-a-zambi-zig-ziglar\"]}]},{\"@type\":\"BreadcrumbList\",\"@id\":\"https:\/\/bookzone.ro\/blog\/de-ce-sa-ne-facem-griji-cartea-motive-pentru-a-zambi-zig-ziglar#breadcrumb\",\"itemListElement\":[{\"@type\":\"ListItem\",\"position\":1,\"name\":\"Bookzone Blog\",\"item\":\"https:\/\/bookzone.ro\/blog\/\"},{\"@type\":\"ListItem\",\"position\":2,\"name\":\"Motive pentru a z\u00e2mbi &#8211; Zig Ziglar\"}]},{\"@type\":\"WebSite\",\"@id\":\"https:\/\/bookzone.ro\/blog\/#website\",\"url\":\"https:\/\/bookzone.ro\/blog\/\",\"name\":\"Blog Bookzone.ro\",\"description\":\"Din respect pentru carti. Pretuim scrisul. Pretuim cititul\",\"publisher\":{\"@id\":\"https:\/\/bookzone.ro\/blog\/#organization\"},\"potentialAction\":[{\"@type\":\"SearchAction\",\"target\":{\"@type\":\"EntryPoint\",\"urlTemplate\":\"https:\/\/bookzone.ro\/blog\/?s={search_term_string}\"},\"query-input\":\"required name=search_term_string\"}],\"inLanguage\":\"ro-RO\"},{\"@type\":\"Organization\",\"@id\":\"https:\/\/bookzone.ro\/blog\/#organization\",\"name\":\"Bookzone\",\"url\":\"https:\/\/bookzone.ro\/blog\/\",\"sameAs\":[\"https:\/\/www.facebook.com\/Bookzone.ro\"],\"logo\":{\"@type\":\"ImageObject\",\"inLanguage\":\"ro-RO\",\"@id\":\"https:\/\/bookzone.ro\/blog\/#\/schema\/logo\/image\/\",\"url\":\"https:\/\/bookzone.ro\/blog\/wp-content\/uploads\/logo-bookzone.png\",\"contentUrl\":\"https:\/\/bookzone.ro\/blog\/wp-content\/uploads\/logo-bookzone.png\",\"width\":808,\"height\":180,\"caption\":\"Bookzone\"},\"image\":{\"@id\":\"https:\/\/bookzone.ro\/blog\/#\/schema\/logo\/image\/\"}},{\"@type\":\"Person\",\"@id\":\"https:\/\/bookzone.ro\/blog\/#\/schema\/person\/dae97f14acabb75717bec52a2af900fa\",\"name\":\"Adela\",\"image\":{\"@type\":\"ImageObject\",\"inLanguage\":\"ro-RO\",\"@id\":\"https:\/\/bookzone.ro\/blog\/#\/schema\/person\/image\/\",\"url\":\"https:\/\/secure.gravatar.com\/avatar\/7ee38dca858bb6573eedd34d308a131a?s=96&d=mm&r=g\",\"contentUrl\":\"https:\/\/secure.gravatar.com\/avatar\/7ee38dca858bb6573eedd34d308a131a?s=96&d=mm&r=g\",\"caption\":\"Adela\"}}]}<\/script>\r\n<!-- \/ Yoast SEO plugin. -->","yoast_head_json":{"title":"De ce s\u0103 ne facem griji? - Fragment din cartea \"Motive pentru a z\u00e2mbi\" - Zig Ziglar","description":"O solu\u021bie oferit\u0103 \u00een cartea \"Motive pentru a z\u00e2mbi\" pentru a reduce starea de \u00eengrijorare este urm\u0103toarea: nu v\u0103 face\u021bi griji \u00een leg\u0103tur\u0103 cu ceea ce nu...","robots":{"index":"index","follow":"follow","max-snippet":"max-snippet:-1","max-image-preview":"max-image-preview:large","max-video-preview":"max-video-preview:-1"},"canonical":"https:\/\/bookzone.ro\/blog\/de-ce-sa-ne-facem-griji-cartea-motive-pentru-a-zambi-zig-ziglar","og_locale":"ro_RO","og_type":"article","og_title":"De ce s\u0103 ne facem griji? - Fragment din cartea \"Motive pentru a z\u00e2mbi\" - Zig Ziglar","og_description":"O solu\u021bie oferit\u0103 \u00een cartea \"Motive pentru a z\u00e2mbi\" pentru a reduce starea de \u00eengrijorare este urm\u0103toarea: nu v\u0103 face\u021bi griji \u00een leg\u0103tur\u0103 cu ceea ce nu...","og_url":"https:\/\/bookzone.ro\/blog\/de-ce-sa-ne-facem-griji-cartea-motive-pentru-a-zambi-zig-ziglar","og_site_name":"Blog Bookzone.ro","article_publisher":"https:\/\/www.facebook.com\/Bookzone.ro","article_published_time":"2017-10-18T10:03:36+00:00","article_modified_time":"2017-10-18T18:10:32+00:00","og_image":[{"width":1080,"height":1080,"url":"https:\/\/bookzone.ro\/blog\/wp-content\/uploads\/griji.jpg","type":"image\/jpeg"}],"author":"Adela","twitter_card":"summary","twitter_misc":{"Scris de":"Adela","Timp estimat pentru citire":"3 minute"},"schema":{"@context":"https:\/\/schema.org","@graph":[{"@type":"Article","@id":"https:\/\/bookzone.ro\/blog\/de-ce-sa-ne-facem-griji-cartea-motive-pentru-a-zambi-zig-ziglar#article","isPartOf":{"@id":"https:\/\/bookzone.ro\/blog\/de-ce-sa-ne-facem-griji-cartea-motive-pentru-a-zambi-zig-ziglar"},"author":{"name":"Adela","@id":"https:\/\/bookzone.ro\/blog\/#\/schema\/person\/dae97f14acabb75717bec52a2af900fa"},"headline":"Motive pentru a z\u00e2mbi &#8211; Zig Ziglar","datePublished":"2017-10-18T10:03:36+00:00","dateModified":"2017-10-18T18:10:32+00:00","mainEntityOfPage":{"@id":"https:\/\/bookzone.ro\/blog\/de-ce-sa-ne-facem-griji-cartea-motive-pentru-a-zambi-zig-ziglar"},"wordCount":684,"commentCount":3,"publisher":{"@id":"https:\/\/bookzone.ro\/blog\/#organization"},"keywords":["Dezvoltare persoanala","Motive pentru a zambi","pauza de lectura","zig ziglar"],"articleSection":["Pauza de lectura"],"inLanguage":"ro-RO","potentialAction":[{"@type":"CommentAction","name":"Comment","target":["https:\/\/bookzone.ro\/blog\/de-ce-sa-ne-facem-griji-cartea-motive-pentru-a-zambi-zig-ziglar#respond"]}]},{"@type":"WebPage","@id":"https:\/\/bookzone.ro\/blog\/de-ce-sa-ne-facem-griji-cartea-motive-pentru-a-zambi-zig-ziglar","url":"https:\/\/bookzone.ro\/blog\/de-ce-sa-ne-facem-griji-cartea-motive-pentru-a-zambi-zig-ziglar","name":"De ce s\u0103 ne facem griji? - Fragment din cartea \"Motive pentru a z\u00e2mbi\" - Zig Ziglar","isPartOf":{"@id":"https:\/\/bookzone.ro\/blog\/#website"},"datePublished":"2017-10-18T10:03:36+00:00","dateModified":"2017-10-18T18:10:32+00:00","description":"O solu\u021bie oferit\u0103 \u00een cartea \"Motive pentru a z\u00e2mbi\" pentru a reduce starea de \u00eengrijorare este urm\u0103toarea: nu v\u0103 face\u021bi griji \u00een leg\u0103tur\u0103 cu ceea ce nu...","breadcrumb":{"@id":"https:\/\/bookzone.ro\/blog\/de-ce-sa-ne-facem-griji-cartea-motive-pentru-a-zambi-zig-ziglar#breadcrumb"},"inLanguage":"ro-RO","potentialAction":[{"@type":"ReadAction","target":["https:\/\/bookzone.ro\/blog\/de-ce-sa-ne-facem-griji-cartea-motive-pentru-a-zambi-zig-ziglar"]}]},{"@type":"BreadcrumbList","@id":"https:\/\/bookzone.ro\/blog\/de-ce-sa-ne-facem-griji-cartea-motive-pentru-a-zambi-zig-ziglar#breadcrumb","itemListElement":[{"@type":"ListItem","position":1,"name":"Bookzone Blog","item":"https:\/\/bookzone.ro\/blog\/"},{"@type":"ListItem","position":2,"name":"Motive pentru a z\u00e2mbi &#8211; Zig Ziglar"}]},{"@type":"WebSite","@id":"https:\/\/bookzone.ro\/blog\/#website","url":"https:\/\/bookzone.ro\/blog\/","name":"Blog Bookzone.ro","description":"Din respect pentru carti. Pretuim scrisul. Pretuim cititul","publisher":{"@id":"https:\/\/bookzone.ro\/blog\/#organization"},"potentialAction":[{"@type":"SearchAction","target":{"@type":"EntryPoint","urlTemplate":"https:\/\/bookzone.ro\/blog\/?s={search_term_string}"},"query-input":"required name=search_term_string"}],"inLanguage":"ro-RO"},{"@type":"Organization","@id":"https:\/\/bookzone.ro\/blog\/#organization","name":"Bookzone","url":"https:\/\/bookzone.ro\/blog\/","sameAs":["https:\/\/www.facebook.com\/Bookzone.ro"],"logo":{"@type":"ImageObject","inLanguage":"ro-RO","@id":"https:\/\/bookzone.ro\/blog\/#\/schema\/logo\/image\/","url":"https:\/\/bookzone.ro\/blog\/wp-content\/uploads\/logo-bookzone.png","contentUrl":"https:\/\/bookzone.ro\/blog\/wp-content\/uploads\/logo-bookzone.png","width":808,"height":180,"caption":"Bookzone"},"image":{"@id":"https:\/\/bookzone.ro\/blog\/#\/schema\/logo\/image\/"}},{"@type":"Person","@id":"https:\/\/bookzone.ro\/blog\/#\/schema\/person\/dae97f14acabb75717bec52a2af900fa","name":"Adela","image":{"@type":"ImageObject","inLanguage":"ro-RO","@id":"https:\/\/bookzone.ro\/blog\/#\/schema\/person\/image\/","url":"https:\/\/secure.gravatar.com\/avatar\/7ee38dca858bb6573eedd34d308a131a?s=96&d=mm&r=g","contentUrl":"https:\/\/secure.gravatar.com\/avatar\/7ee38dca858bb6573eedd34d308a131a?s=96&d=mm&r=g","caption":"Adela"}}]}},"_links":{"self":[{"href":"https:\/\/bookzone.ro\/blog\/wp-json\/wp\/v2\/posts\/1227"}],"collection":[{"href":"https:\/\/bookzone.ro\/blog\/wp-json\/wp\/v2\/posts"}],"about":[{"href":"https:\/\/bookzone.ro\/blog\/wp-json\/wp\/v2\/types\/post"}],"author":[{"embeddable":true,"href":"https:\/\/bookzone.ro\/blog\/wp-json\/wp\/v2\/users\/1"}],"replies":[{"embeddable":true,"href":"https:\/\/bookzone.ro\/blog\/wp-json\/wp\/v2\/comments?post=1227"}],"version-history":[{"count":9,"href":"https:\/\/bookzone.ro\/blog\/wp-json\/wp\/v2\/posts\/1227\/revisions"}],"predecessor-version":[{"id":1248,"href":"https:\/\/bookzone.ro\/blog\/wp-json\/wp\/v2\/posts\/1227\/revisions\/1248"}],"wp:featuredmedia":[{"embeddable":true,"href":"https:\/\/bookzone.ro\/blog\/wp-json\/wp\/v2\/media\/1238"}],"wp:attachment":[{"href":"https:\/\/bookzone.ro\/blog\/wp-json\/wp\/v2\/media?parent=1227"}],"wp:term":[{"taxonomy":"category","embeddable":true,"href":"https:\/\/bookzone.ro\/blog\/wp-json\/wp\/v2\/categories?post=1227"},{"taxonomy":"post_tag","embeddable":true,"href":"https:\/\/bookzone.ro\/blog\/wp-json\/wp\/v2\/tags?post=1227"},{"taxonomy":"thb-sponsors","embeddable":true,"href":"https:\/\/bookzone.ro\/blog\/wp-json\/wp\/v2\/thb-sponsors?post=1227"}],"curies":[{"name":"wp","href":"https:\/\/api.w.org\/{rel}","templated":true}]}}